{"id":1478,"date":"2022-08-25T12:30:17","date_gmt":"2022-08-25T10:30:17","guid":{"rendered":"https:\/\/zse-2.krakow.pl\/?p=1478"},"modified":"2022-08-25T12:33:02","modified_gmt":"2022-08-25T10:33:02","slug":"1478","status":"publish","type":"post","link":"https:\/\/zse-2.krakow.pl\/index.php\/2022\/08\/25\/1478\/","title":{"rendered":"Rozpocz\u0119cie roku szkolnego"},"content":{"rendered":"<p>Rok szkolny 2022\/2023 rozpoczynamy 1 wrze\u015bnia 2022.<\/p>\n<p>Klasy 1 zapraszamy na godzin\u0119 11:00 do sali gimnastycznej.<br \/>\nKlasy 2 i 3 zapraszamy na godz. 9:00, wyj\u0105tkowo klas\u0119 2L na godzin\u0119 11:00.<br \/>\nKlasy 4 zapraszamy na godz. 10:00.<\/p>\n<p><a href=\"https:\/\/zse-2.krakow.pl\/wp-content\/uploads\/2022\/08\/Rozpoczecie-roku-2022-2023.pdf\" target=\"_blank\" rel=\"noopener\">Sprawd\u017a, w kt\u00f3rej sali b\u0119dzie rozpocz\u0119cie roku szkolnego&#8230;<\/a><\/p>\n","protected":false},"excerpt":{"rendered":"<p>Rok szkolny 2022\/2023 rozpoczynamy 1 wrze\u015bnia 2022. Klasy 1 zapraszamy na godzin\u0119 11:00 do sali gimnastycznej. Klasy 2 i 3 zapraszamy na godz. 9:00, wyj\u0105tkowo klas\u0119 2L na godzin\u0119 11:00. Klasy 4 zapraszamy na godz. 10:00. Sprawd\u017a, w kt\u00f3rej sali b\u0119dzie rozpocz\u0119cie roku szkolnego&#8230;<\/p>\n","protected":false},"author":1,"featured_media":1479,"comment_status":"open","ping_status":"open","sticky":false,"template":"","format":"standard","meta":{"footnotes":""},"categories":[1],"tags":[],"class_list":["post-1478","post","type-post","status-publish","format-standard","has-post-thumbnail","hentry","category-bez-kategorii"],"_links":{"self":[{"href":"https:\/\/zse-2.krakow.pl\/index.php\/wp-json\/wp\/v2\/posts\/1478","targetHints":{"allow":["GET"]}}],"collection":[{"href":"https:\/\/zse-2.krakow.pl\/index.php\/wp-json\/wp\/v2\/posts"}],"about":[{"href":"https:\/\/zse-2.krakow.pl\/index.php\/wp-json\/wp\/v2\/types\/post"}],"author":[{"embeddable":true,"href":"https:\/\/zse-2.krakow.pl\/index.php\/wp-json\/wp\/v2\/users\/1"}],"replies":[{"embeddable":true,"href":"https:\/\/zse-2.krakow.pl\/index.php\/wp-json\/wp\/v2\/comments?post=1478"}],"version-history":[{"count":3,"href":"https:\/\/zse-2.krakow.pl\/index.php\/wp-json\/wp\/v2\/posts\/1478\/revisions"}],"predecessor-version":[{"id":1483,"href":"https:\/\/zse-2.krakow.pl\/index.php\/wp-json\/wp\/v2\/posts\/1478\/revisions\/1483"}],"wp:featuredmedia":[{"embeddable":true,"href":"https:\/\/zse-2.krakow.pl\/index.php\/wp-json\/wp\/v2\/media\/1479"}],"wp:attachment":[{"href":"https:\/\/zse-2.krakow.pl\/index.php\/wp-json\/wp\/v2\/media?parent=1478"}],"wp:term":[{"taxonomy":"category","embeddable":true,"href":"https:\/\/zse-2.krakow.pl\/index.php\/wp-json\/wp\/v2\/categories?post=1478"},{"taxonomy":"post_tag","embeddable":true,"href":"https:\/\/zse-2.krakow.pl\/index.php\/wp-json\/wp\/v2\/tags?post=1478"}],"curies":[{"name":"wp","href":"https:\/\/api.w.org\/{rel}","templated":true}]}}