{"id":4569,"date":"2024-10-11T14:42:23","date_gmt":"2024-10-11T12:42:23","guid":{"rendered":"https:\/\/zse-2.krakow.pl\/?p=4569"},"modified":"2024-10-11T14:44:16","modified_gmt":"2024-10-11T12:44:16","slug":"wycieczka-rowerowa","status":"publish","type":"post","link":"https:\/\/zse-2.krakow.pl\/index.php\/2024\/10\/11\/wycieczka-rowerowa\/","title":{"rendered":"Wycieczka rowerowa"},"content":{"rendered":"<div dir=\"auto\">W \u015brod\u0119 09.10.2024 mimo deszczowej pogody, postanowili\u015bmy wyruszy\u0107 na wycieczk\u0119 rowerow\u0105 do Ty\u0144ca, miejscowo\u015bci po\u0142o\u017conej nad Wis\u0142\u0105, znanej przede wszystkim z Opactwa Benedyktyn\u00f3w. Cho\u0107 prognozy nie by\u0142y sprzyjaj\u0105ce, czuli\u015bmy, \u017ce taka przygoda mo\u017ce przynie\u015b\u0107 wiele niezapomnianych chwil. Droga wiod\u0142a przez lasy i pola, a rze\u015bkie powietrze orze\u017awia\u0142o nas na ka\u017cdym kroku.<\/div>\n<div dir=\"auto\">Po kr\u00f3tkim odpoczynku i zwiedzaniu wyruszyli\u015bmy w drog\u0119 powrotn\u0105. Pokonali\u015bmy \u0142\u0105cznie 40km i ka\u017cdy z nas by\u0142 z siebie dumny. Mimo mokrych ubra\u0144 i ch\u0142odu, czuli\u015bmy si\u0119 szcz\u0119\u015bliwi z powodu podj\u0119tej decyzji.<\/div>\n<p><\/p>\n<div dir=\"auto\" style=\"text-align: right;\"><em>Opracowa\u0142a Daria K. Uczennica klasy 4LOT<\/em><\/div>\n<p><\/p>\n<div dir=\"auto\">\n<style type=\"text\/css\">\n#foogallery-gallery-4564 .fg-image { width: 150px; }\n#foogallery-gallery-4564 { --fg-gutter: 10px; }<\/style>\n\t\t\t<div class=\"foogallery foogallery-container foogallery-default foogallery-lightbox-foogallery fg-center fg-m-col2 fg-default fg-ready fg-light fg-border-thin fg-shadow-outline fg-loading-default fg-loaded-fade-in fg-caption-hover fg-hover-fade fg-hover-zoom\" id=\"foogallery-gallery-4564\" data-foogallery=\"{&quot;item&quot;:{&quot;showCaptionTitle&quot;:true,&quot;showCaptionDescription&quot;:true},&quot;lazy&quot;:true}\" data-foogallery-lightbox=\"{&quot;thumbs&quot;:&quot;bottom&quot;,&quot;thumbsCaptions&quot;:false,&quot;thumbsBestFit&quot;:false,&quot;thumbsSmall&quot;:false,&quot;thumbsCaptionsAlign&quot;:&quot;default&quot;,&quot;info&quot;:&quot;bottom&quot;,&quot;infoVisible&quot;:true,&quot;infoOverlay&quot;:true,&quot;infoAlign&quot;:&quot;default&quot;,&quot;transition&quot;:&quot;fade&quot;,&quot;hoverButtons&quot;:false,&quot;fitMedia&quot;:false,&quot;noScrollbars&quot;:true,&quot;preserveButtonSpace&quot;:true,&quot;buttons&quot;:{&quot;fullscreen&quot;:true,&quot;info&quot;:true,&quot;thumbs&quot;:false},&quot;video&quot;:{&quot;autoPlay&quot;:true}}\" style=\"--fg-title-line-clamp: 0; --fg-description-line-clamp: 0;\" >\n\t<div class=\"fg-item fg-type-image fg-idle\"><figure class=\"fg-item-inner\"><a href=\"https:\/\/zse-2.krakow.pl\/wp-content\/uploads\/2024\/10\/rowery_2024_03.jpg\" data-attachment-id=\"4565\" data-type=\"image\" class=\"fg-thumb\"><span class=\"fg-image-wrap\"><img decoding=\"async\" width=\"150\" height=\"150\" class=\"skip-lazy fg-image\" data-src-fg=\"https:\/\/zse-2.krakow.pl\/wp-content\/uploads\/cache\/2024\/10\/rowery_2024_03\/818275014.jpg\" src=\"data:image\/svg+xml,%3Csvg%20xmlns%3D%22http%3A%2F%2Fwww.w3.org%2F2000%2Fsvg%22%20width%3D%22150%22%20height%3D%22150%22%20viewBox%3D%220%200%20150%20150%22%3E%3C%2Fsvg%3E\" loading=\"eager\"><\/span><span class=\"fg-image-overlay\"><\/span><\/a><\/figure><div class=\"fg-loader\"><\/div><\/div><div class=\"fg-item fg-type-image fg-idle\"><figure class=\"fg-item-inner\"><a href=\"https:\/\/zse-2.krakow.pl\/wp-content\/uploads\/2024\/10\/rowery_2024_04.jpg\" data-attachment-id=\"4566\" data-type=\"image\" class=\"fg-thumb\"><span class=\"fg-image-wrap\"><img decoding=\"async\" width=\"150\" height=\"150\" class=\"skip-lazy fg-image\" data-src-fg=\"https:\/\/zse-2.krakow.pl\/wp-content\/uploads\/cache\/2024\/10\/rowery_2024_04\/284887024.jpg\" src=\"data:image\/svg+xml,%3Csvg%20xmlns%3D%22http%3A%2F%2Fwww.w3.org%2F2000%2Fsvg%22%20width%3D%22150%22%20height%3D%22150%22%20viewBox%3D%220%200%20150%20150%22%3E%3C%2Fsvg%3E\" loading=\"eager\"><\/span><span class=\"fg-image-overlay\"><\/span><\/a><\/figure><div class=\"fg-loader\"><\/div><\/div><div class=\"fg-item fg-type-image fg-idle\"><figure class=\"fg-item-inner\"><a href=\"https:\/\/zse-2.krakow.pl\/wp-content\/uploads\/2024\/10\/rowery_2024_01.jpg\" data-attachment-id=\"4567\" data-type=\"image\" class=\"fg-thumb\"><span class=\"fg-image-wrap\"><img decoding=\"async\" width=\"150\" height=\"150\" class=\"skip-lazy fg-image\" data-src-fg=\"https:\/\/zse-2.krakow.pl\/wp-content\/uploads\/cache\/2024\/10\/rowery_2024_01\/1102205553.jpg\" src=\"data:image\/svg+xml,%3Csvg%20xmlns%3D%22http%3A%2F%2Fwww.w3.org%2F2000%2Fsvg%22%20width%3D%22150%22%20height%3D%22150%22%20viewBox%3D%220%200%20150%20150%22%3E%3C%2Fsvg%3E\" loading=\"eager\"><\/span><span class=\"fg-image-overlay\"><\/span><\/a><\/figure><div class=\"fg-loader\"><\/div><\/div><div class=\"fg-item fg-type-image fg-idle\"><figure class=\"fg-item-inner\"><a href=\"https:\/\/zse-2.krakow.pl\/wp-content\/uploads\/2024\/10\/rowery_2024_02.jpg\" data-attachment-id=\"4568\" data-type=\"image\" class=\"fg-thumb\"><span class=\"fg-image-wrap\"><img decoding=\"async\" width=\"150\" height=\"150\" class=\"skip-lazy fg-image\" data-src-fg=\"https:\/\/zse-2.krakow.pl\/wp-content\/uploads\/cache\/2024\/10\/rowery_2024_02\/1311312129.jpg\" src=\"data:image\/svg+xml,%3Csvg%20xmlns%3D%22http%3A%2F%2Fwww.w3.org%2F2000%2Fsvg%22%20width%3D%22150%22%20height%3D%22150%22%20viewBox%3D%220%200%20150%20150%22%3E%3C%2Fsvg%3E\" loading=\"eager\"><\/span><span class=\"fg-image-overlay\"><\/span><\/a><\/figure><div class=\"fg-loader\"><\/div><\/div><\/div>\n\n<\/div>\n","protected":false},"excerpt":{"rendered":"<p>W \u015brod\u0119 09.10.2024 mimo deszczowej pogody, postanowili\u015bmy wyruszy\u0107 na wycieczk\u0119 rowerow\u0105 do Ty\u0144ca, miejscowo\u015bci po\u0142o\u017conej nad Wis\u0142\u0105, znanej przede wszystkim z Opactwa Benedyktyn\u00f3w. Cho\u0107 prognozy nie by\u0142y sprzyjaj\u0105ce, czuli\u015bmy, \u017ce taka przygoda mo\u017ce przynie\u015b\u0107 wiele niezapomnianych chwil. Droga wiod\u0142a przez lasy i pola, a rze\u015bkie powietrze orze\u017awia\u0142o nas na ka\u017cdym kroku. Po kr\u00f3tkim odpoczynku i&hellip; <br \/> <a class=\"read-more\" href=\"https:\/\/zse-2.krakow.pl\/index.php\/2024\/10\/11\/wycieczka-rowerowa\/\">Dowiedz si\u0119 wi\u0119cej<\/a><\/p>\n","protected":false},"author":1,"featured_media":4567,"comment_status":"open","ping_status":"open","sticky":false,"template":"","format":"standard","meta":{"footnotes":""},"categories":[10],"tags":[],"class_list":["post-4569","post","type-post","status-publish","format-standard","has-post-thumbnail","hentry","category-wycieczki"],"_links":{"self":[{"href":"https:\/\/zse-2.krakow.pl\/index.php\/wp-json\/wp\/v2\/posts\/4569","targetHints":{"allow":["GET"]}}],"collection":[{"href":"https:\/\/zse-2.krakow.pl\/index.php\/wp-json\/wp\/v2\/posts"}],"about":[{"href":"https:\/\/zse-2.krakow.pl\/index.php\/wp-json\/wp\/v2\/types\/post"}],"author":[{"embeddable":true,"href":"https:\/\/zse-2.krakow.pl\/index.php\/wp-json\/wp\/v2\/users\/1"}],"replies":[{"embeddable":true,"href":"https:\/\/zse-2.krakow.pl\/index.php\/wp-json\/wp\/v2\/comments?post=4569"}],"version-history":[{"count":3,"href":"https:\/\/zse-2.krakow.pl\/index.php\/wp-json\/wp\/v2\/posts\/4569\/revisions"}],"predecessor-version":[{"id":4572,"href":"https:\/\/zse-2.krakow.pl\/index.php\/wp-json\/wp\/v2\/posts\/4569\/revisions\/4572"}],"wp:featuredmedia":[{"embeddable":true,"href":"https:\/\/zse-2.krakow.pl\/index.php\/wp-json\/wp\/v2\/media\/4567"}],"wp:attachment":[{"href":"https:\/\/zse-2.krakow.pl\/index.php\/wp-json\/wp\/v2\/media?parent=4569"}],"wp:term":[{"taxonomy":"category","embeddable":true,"href":"https:\/\/zse-2.krakow.pl\/index.php\/wp-json\/wp\/v2\/categories?post=4569"},{"taxonomy":"post_tag","embeddable":true,"href":"https:\/\/zse-2.krakow.pl\/index.php\/wp-json\/wp\/v2\/tags?post=4569"}],"curies":[{"name":"wp","href":"https:\/\/api.w.org\/{rel}","templated":true}]}}