{"id":6987,"date":"2026-03-31T20:04:46","date_gmt":"2026-03-31T18:04:46","guid":{"rendered":"https:\/\/zse-2.krakow.pl\/?p=6987"},"modified":"2026-04-09T15:24:27","modified_gmt":"2026-04-09T13:24:27","slug":"zapisy-na-kurs-prawa-jazdy-4","status":"publish","type":"post","link":"https:\/\/zse-2.krakow.pl\/index.php\/2026\/03\/31\/zapisy-na-kurs-prawa-jazdy-4\/","title":{"rendered":"Zapisy na kurs prawa jazdy"},"content":{"rendered":"<p>W ramach projektu Centrum Kompetencji Zawodowych, od 10 kwietnia ruszaj\u0105 zapisy na kurs prawa jazdy. Wszystkich zainteresowanych prosimy o sk\u0142adanie dokument\u00f3w do Pauliny Wargulec (sekretariat uczniowski) do 17 kwietnia 2026. Dokumenty mo\u017cna pobra\u0107 w sekretariacie uczniowskim (pok. 53a). Przypominamy, \u017ce z\u0142o\u017cy\u0107 dokumenty mo\u017ce ucze\u0144, kt\u00f3ry uko\u0144czy\u0142 18 lat.<br \/>\nSerdecznie zapraszam!!<\/p>\n<p style=\"text-align: right;\"><em>Paulina Wargulec<\/em><\/p>\n<p><img loading=\"lazy\" decoding=\"async\" class=\"aligncenter wp-image-1052 size-large\" src=\"https:\/\/zse-2.krakow.pl\/wp-content\/uploads\/2022\/04\/EFS_kolor-300dpi_RGB-1024x87.jpg\" alt=\"EFS\" width=\"1024\" height=\"87\" srcset=\"https:\/\/zse-2.krakow.pl\/wp-content\/uploads\/2022\/04\/EFS_kolor-300dpi_RGB-1024x87.jpg 1024w, https:\/\/zse-2.krakow.pl\/wp-content\/uploads\/2022\/04\/EFS_kolor-300dpi_RGB-300x26.jpg 300w, https:\/\/zse-2.krakow.pl\/wp-content\/uploads\/2022\/04\/EFS_kolor-300dpi_RGB-768x66.jpg 768w, https:\/\/zse-2.krakow.pl\/wp-content\/uploads\/2022\/04\/EFS_kolor-300dpi_RGB-1536x131.jpg 1536w, https:\/\/zse-2.krakow.pl\/wp-content\/uploads\/2022\/04\/EFS_kolor-300dpi_RGB-2048x175.jpg 2048w, https:\/\/zse-2.krakow.pl\/wp-content\/uploads\/2022\/04\/EFS_kolor-300dpi_RGB-1920x164.jpg 1920w\" sizes=\"auto, (max-width: 1024px) 100vw, 1024px\" \/><\/p>\n","protected":false},"excerpt":{"rendered":"<p>W ramach projektu Centrum Kompetencji Zawodowych, od 10 kwietnia ruszaj\u0105 zapisy na kurs prawa jazdy. Wszystkich zainteresowanych prosimy o sk\u0142adanie dokument\u00f3w do Pauliny Wargulec (sekretariat uczniowski) do 17 kwietnia 2026. Dokumenty mo\u017cna pobra\u0107 w sekretariacie uczniowskim (pok. 53a). Przypominamy, \u017ce z\u0142o\u017cy\u0107 dokumenty mo\u017ce ucze\u0144, kt\u00f3ry uko\u0144czy\u0142 18 lat. Serdecznie zapraszam!! Paulina Wargulec<\/p>\n","protected":false},"author":1,"featured_media":1006,"comment_status":"open","ping_status":"open","sticky":false,"template":"","format":"standard","meta":{"footnotes":""},"categories":[7],"tags":[],"class_list":["post-6987","post","type-post","status-publish","format-standard","has-post-thumbnail","hentry","category-kursy"],"_links":{"self":[{"href":"https:\/\/zse-2.krakow.pl\/index.php\/wp-json\/wp\/v2\/posts\/6987","targetHints":{"allow":["GET"]}}],"collection":[{"href":"https:\/\/zse-2.krakow.pl\/index.php\/wp-json\/wp\/v2\/posts"}],"about":[{"href":"https:\/\/zse-2.krakow.pl\/index.php\/wp-json\/wp\/v2\/types\/post"}],"author":[{"embeddable":true,"href":"https:\/\/zse-2.krakow.pl\/index.php\/wp-json\/wp\/v2\/users\/1"}],"replies":[{"embeddable":true,"href":"https:\/\/zse-2.krakow.pl\/index.php\/wp-json\/wp\/v2\/comments?post=6987"}],"version-history":[{"count":3,"href":"https:\/\/zse-2.krakow.pl\/index.php\/wp-json\/wp\/v2\/posts\/6987\/revisions"}],"predecessor-version":[{"id":6990,"href":"https:\/\/zse-2.krakow.pl\/index.php\/wp-json\/wp\/v2\/posts\/6987\/revisions\/6990"}],"wp:featuredmedia":[{"embeddable":true,"href":"https:\/\/zse-2.krakow.pl\/index.php\/wp-json\/wp\/v2\/media\/1006"}],"wp:attachment":[{"href":"https:\/\/zse-2.krakow.pl\/index.php\/wp-json\/wp\/v2\/media?parent=6987"}],"wp:term":[{"taxonomy":"category","embeddable":true,"href":"https:\/\/zse-2.krakow.pl\/index.php\/wp-json\/wp\/v2\/categories?post=6987"},{"taxonomy":"post_tag","embeddable":true,"href":"https:\/\/zse-2.krakow.pl\/index.php\/wp-json\/wp\/v2\/tags?post=6987"}],"curies":[{"name":"wp","href":"https:\/\/api.w.org\/{rel}","templated":true}]}}