{"id":7083,"date":"2026-04-28T14:08:41","date_gmt":"2026-04-28T12:08:41","guid":{"rendered":"https:\/\/zse-2.krakow.pl\/?p=7083"},"modified":"2026-04-28T15:10:49","modified_gmt":"2026-04-28T13:10:49","slug":"konkurs-biblioteczny-drzewo-recenzji-3","status":"publish","type":"post","link":"https:\/\/zse-2.krakow.pl\/index.php\/2026\/04\/28\/konkurs-biblioteczny-drzewo-recenzji-3\/","title":{"rendered":"Konkurs biblioteczny &#8222;Drzewo recenzji&#8221;"},"content":{"rendered":"<p style=\"text-align: left;\">W Wojew\u00f3dzkiej Bibliotece Publicznej w Krakowie odby\u0142 si\u0119 konkurs zorganizowany przez Towarzystwo Nauczycieli Bibliotekarzy Szk\u00f3\u0142 Polskich &#8222;Drzewo recenzji &#8211; warto czy nie warto przeczyta\u0107&#8230;&#8221; Konkurs ten odbywa si\u0119 cyklicznie, jego celem jest rozwijanie tw\u00f3rczo\u015bci literackiej uczni\u00f3w i ich aktywno\u015bci tw\u00f3rczej, a tak\u017ce rozbudzanie zainteresowa\u0144 czytelniczych. Z naszej szko\u0142y w konkursie wzi\u0119\u0142o udzia\u0142 6 uczni\u00f3w: Natalia B\u0142aut z 1 R, Karol Pierzcha\u0142a z 2 T, Julia Indyka z 3 T, Adrian Gromow z 4 L, Martyna Pietras z 4 T, Kamila Ku\u0107ka z 5 H.<\/p>\n<p style=\"text-align: left;\">W dniu 24.04.2026 r. mia\u0142a miejsce uroczysta gala konkursu. Recenzja Adriana Gromowa otrzyma\u0142a 1 nagrod\u0119 w kategorii szk\u00f3\u0142 ponadpodstawowych. Wszystkim uczestnikom dzi\u0119kujemy za wzi\u0119cie udzia\u0142u w konkursie, a Adrianowi gratulujemy sukcesu.<\/p>\n<p style=\"text-align: right;\"><em>Ma\u0142gorzata \u017bmudzka<\/em><\/p>\n","protected":false},"excerpt":{"rendered":"<p>W Wojew\u00f3dzkiej Bibliotece Publicznej w Krakowie odby\u0142 si\u0119 konkurs zorganizowany przez Towarzystwo Nauczycieli Bibliotekarzy Szk\u00f3\u0142 Polskich &#8222;Drzewo recenzji &#8211; warto czy nie warto przeczyta\u0107&#8230;&#8221; Konkurs ten odbywa si\u0119 cyklicznie, jego celem jest rozwijanie tw\u00f3rczo\u015bci literackiej uczni\u00f3w i ich aktywno\u015bci tw\u00f3rczej, a tak\u017ce rozbudzanie zainteresowa\u0144 czytelniczych. Z naszej szko\u0142y w konkursie wzi\u0119\u0142o udzia\u0142 6 uczni\u00f3w: Natalia&hellip; <br \/> <a class=\"read-more\" href=\"https:\/\/zse-2.krakow.pl\/index.php\/2026\/04\/28\/konkurs-biblioteczny-drzewo-recenzji-3\/\">Dowiedz si\u0119 wi\u0119cej<\/a><\/p>\n","protected":false},"author":1,"featured_media":7084,"comment_status":"open","ping_status":"open","sticky":false,"template":"","format":"standard","meta":{"footnotes":""},"categories":[8],"tags":[],"class_list":["post-7083","post","type-post","status-publish","format-standard","has-post-thumbnail","hentry","category-konkursy"],"_links":{"self":[{"href":"https:\/\/zse-2.krakow.pl\/index.php\/wp-json\/wp\/v2\/posts\/7083","targetHints":{"allow":["GET"]}}],"collection":[{"href":"https:\/\/zse-2.krakow.pl\/index.php\/wp-json\/wp\/v2\/posts"}],"about":[{"href":"https:\/\/zse-2.krakow.pl\/index.php\/wp-json\/wp\/v2\/types\/post"}],"author":[{"embeddable":true,"href":"https:\/\/zse-2.krakow.pl\/index.php\/wp-json\/wp\/v2\/users\/1"}],"replies":[{"embeddable":true,"href":"https:\/\/zse-2.krakow.pl\/index.php\/wp-json\/wp\/v2\/comments?post=7083"}],"version-history":[{"count":1,"href":"https:\/\/zse-2.krakow.pl\/index.php\/wp-json\/wp\/v2\/posts\/7083\/revisions"}],"predecessor-version":[{"id":7085,"href":"https:\/\/zse-2.krakow.pl\/index.php\/wp-json\/wp\/v2\/posts\/7083\/revisions\/7085"}],"wp:featuredmedia":[{"embeddable":true,"href":"https:\/\/zse-2.krakow.pl\/index.php\/wp-json\/wp\/v2\/media\/7084"}],"wp:attachment":[{"href":"https:\/\/zse-2.krakow.pl\/index.php\/wp-json\/wp\/v2\/media?parent=7083"}],"wp:term":[{"taxonomy":"category","embeddable":true,"href":"https:\/\/zse-2.krakow.pl\/index.php\/wp-json\/wp\/v2\/categories?post=7083"},{"taxonomy":"post_tag","embeddable":true,"href":"https:\/\/zse-2.krakow.pl\/index.php\/wp-json\/wp\/v2\/tags?post=7083"}],"curies":[{"name":"wp","href":"https:\/\/api.w.org\/{rel}","templated":true}]}}