{"id":7474,"date":"2026-09-04T21:42:35","date_gmt":"2026-09-04T19:42:35","guid":{"rendered":"https:\/\/zse-2.krakow.pl\/?p=7474"},"modified":"2026-09-04T21:42:35","modified_gmt":"2026-09-04T19:42:35","slug":"swieto-6-batalionu-logistycznego","status":"publish","type":"post","link":"https:\/\/zse-2.krakow.pl\/index.php\/2026\/09\/04\/swieto-6-batalionu-logistycznego\/","title":{"rendered":"\u015awi\u0119to 6 Batalionu Logistycznego"},"content":{"rendered":"<p>3 wrze\u015bnia 2026 uczniowie klas <strong>2 LOT i 3 LOT<\/strong>\u00a0mieli okazj\u0119 uczestniczy\u0107 w uroczystych obchodach\u00a0<strong>\u015awi\u0119ta 6 Batalionu Logistycznego \ud83e\ude96<\/strong>.<\/p>\n<p>Wydarzenie rozpocz\u0119\u0142a uroczysta zbi\u00f3rka, podczas kt\u00f3rej wr\u0119czono odznaki, wyr\u00f3\u017cnienia oraz gapy spadochronowe. Po cz\u0119\u015bci oficjalnej na uczestnik\u00f3w czeka\u0142 niezwykle widowiskowy\u00a0<strong>pokaz skok\u00f3w spadochronowych<\/strong>\u00a0<img decoding=\"async\" class=\"an1\" draggable=\"false\" src=\"https:\/\/fonts.gstatic.com\/s\/e\/notoemoji\/17.0\/1fa82\/32.png\" alt=\"\ud83e\ude82\" data-emoji=\"\ud83e\ude82\" aria-label=\"\ud83e\ude82\" \/>.<\/p>\n<p>Nie zabrak\u0142o r\u00f3wnie\u017c wojskowego pocz\u0119stunku, przygotowanych atrakcji oraz oprawy muzycznej. By\u0142a to dla naszych uczni\u00f3w doskona\u0142a okazja, aby z bliska pozna\u0107\u00a0<strong>tradycje, ceremonia\u0142 i codzienno\u015b\u0107 Wojska Polskiego<\/strong>, a tak\u017ce zobaczy\u0107 \u017co\u0142nierzy podczas ich \u015bwi\u0119ta.<\/p>\n<p>Dzi\u0119kujemy\u00a0<strong>6 Batalionowi Logistycznemu<\/strong>\u00a0za mo\u017cliwo\u015b\u0107 udzia\u0142u w wydarzeniu, go\u015bcinno\u015b\u0107 oraz wsp\u00f3lnie sp\u0119dzony czas!\u00a0<img decoding=\"async\" class=\"an1\" draggable=\"false\" src=\"https:\/\/fonts.gstatic.com\/s\/e\/notoemoji\/17.0\/1f1f5_1f1f1\/32.png\" alt=\"\ud83c\uddf5\ud83c\uddf1\" data-emoji=\"\ud83c\uddf5\ud83c\uddf1\" aria-label=\"\ud83c\uddf5\ud83c\uddf1\" \/><\/p>\n<p class=\"iw gFxsud\" style=\"text-align: right;\"><em><span class=\"qu yKyxu\" tabindex=\"-1\" role=\"gridcell\" translate=\"no\" data-hovercard-id=\"zonderka@zse-2.krakow.pl\" data-hovercard-hover-trigger-disabled=\"true\" aria-haspopup=\"dialog\"><span class=\"gD\" data-hovercard-id=\"zonderka@zse-2.krakow.pl\" data-hovercard-owner-id=\"16\">Zbigniew Onderka<\/span><\/span><\/em><\/p>\n<style type=\"text\/css\">\n#foogallery-gallery-7470.fg-justified .fg-item { margin-right: 2px; margin-bottom: 2px; }\n#foogallery-gallery-7470.fg-justified .fg-image { height: 200px; }<\/style>\n\t\t\t<div class=\"foogallery foogallery-container foogallery-justified foogallery-lightbox-foogallery fg-justified fg-ready fg-light fg-shadow-outline fg-loading-default fg-loaded-fade-in fg-caption-always fg-hover-fade fg-hover-zoom2 fg-no-js\" id=\"foogallery-gallery-7470\" data-foogallery=\"{&quot;panel&quot;:{&quot;buttons&quot;:{&quot;download&quot;:false}},&quot;item&quot;:{&quot;showCaptionTitle&quot;:true,&quot;showCaptionDescription&quot;:false},&quot;lazy&quot;:true,&quot;src&quot;:&quot;src&quot;,&quot;srcset&quot;:&quot;srcset&quot;,&quot;template&quot;:{&quot;rowHeight&quot;:200,&quot;maxRowHeight&quot;:300,&quot;margins&quot;:2,&quot;align&quot;:&quot;center&quot;,&quot;lastRow&quot;:&quot;smart&quot;}}\" data-foogallery-lightbox=\"{&quot;thumbs&quot;:&quot;bottom&quot;,&quot;thumbsCaptions&quot;:false,&quot;thumbsBestFit&quot;:false,&quot;thumbsSmall&quot;:false,&quot;thumbsCaptionsAlign&quot;:&quot;default&quot;,&quot;info&quot;:&quot;bottom&quot;,&quot;infoVisible&quot;:true,&quot;infoOverlay&quot;:true,&quot;infoAlign&quot;:&quot;default&quot;,&quot;transition&quot;:&quot;fade&quot;,&quot;hoverButtons&quot;:false,&quot;fitMedia&quot;:false,&quot;noScrollbars&quot;:true,&quot;preserveButtonSpace&quot;:true,&quot;buttons&quot;:{&quot;fullscreen&quot;:true,&quot;info&quot;:true,&quot;thumbs&quot;:false,&quot;download&quot;:false},&quot;video&quot;:{&quot;autoPlay&quot;:true}}\" style=\"--fg-title-line-clamp: 1; --fg-description-line-clamp: 2;\" >\n\t<div class=\"fg-item fg-type-image fg-loading\"><figure class=\"fg-item-inner\"><a href=\"https:\/\/zse-2.krakow.pl\/wp-content\/uploads\/2026\/09\/c992c18a-8c4d-447f-9bf9-c644d8c81d5c.jpeg\" data-attachment-id=\"7468\" data-type=\"image\" class=\"fg-thumb\"><span class=\"fg-image-wrap\"><img src=\"https:\/\/zse-2.krakow.pl\/wp-content\/uploads\/cache\/2026\/09\/c992c18a-8c4d-447f-9bf9-c644d8c81d5c\/609524919.jpeg\" height=\"300\" width=\"300\" class=\"skip-lazy fg-image\" decoding=\"async\" loading=\"lazy\"><\/span><span class=\"fg-image-overlay\"><\/span><\/a><\/figure><div class=\"fg-loader\"><\/div><\/div><div class=\"fg-item fg-type-image fg-loading\"><figure class=\"fg-item-inner\"><a href=\"https:\/\/zse-2.krakow.pl\/wp-content\/uploads\/2026\/09\/3f8fdbff-67c2-4bfe-90f4-9ca039013484.jpeg\" data-attachment-id=\"7466\" data-type=\"image\" class=\"fg-thumb\"><span class=\"fg-image-wrap\"><img src=\"https:\/\/zse-2.krakow.pl\/wp-content\/uploads\/cache\/2026\/09\/3f8fdbff-67c2-4bfe-90f4-9ca039013484\/4105887852.jpeg\" height=\"300\" width=\"300\" class=\"skip-lazy fg-image\" decoding=\"async\" loading=\"lazy\"><\/span><span class=\"fg-image-overlay\"><\/span><\/a><\/figure><div class=\"fg-loader\"><\/div><\/div><div class=\"fg-item fg-type-image fg-loading\"><figure class=\"fg-item-inner\"><a href=\"https:\/\/zse-2.krakow.pl\/wp-content\/uploads\/2026\/09\/5bf5efa3-dc96-45e3-8b50-cf7dc11a5016.jpeg\" data-attachment-id=\"7465\" data-type=\"image\" class=\"fg-thumb\"><span class=\"fg-image-wrap\"><img src=\"https:\/\/zse-2.krakow.pl\/wp-content\/uploads\/cache\/2026\/09\/5bf5efa3-dc96-45e3-8b50-cf7dc11a5016\/4168267084.jpeg\" height=\"300\" width=\"300\" class=\"skip-lazy fg-image\" decoding=\"async\" loading=\"lazy\"><\/span><span class=\"fg-image-overlay\"><\/span><\/a><\/figure><div class=\"fg-loader\"><\/div><\/div><div class=\"fg-item fg-type-image fg-loading\"><figure class=\"fg-item-inner\"><a href=\"https:\/\/zse-2.krakow.pl\/wp-content\/uploads\/2026\/09\/435412f4-bf86-4895-a90b-bf93fb8e9e56.jpeg\" data-attachment-id=\"7464\" data-type=\"image\" class=\"fg-thumb\"><span class=\"fg-image-wrap\"><img src=\"https:\/\/zse-2.krakow.pl\/wp-content\/uploads\/cache\/2026\/09\/435412f4-bf86-4895-a90b-bf93fb8e9e56\/2111364885.jpeg\" height=\"300\" width=\"300\" class=\"skip-lazy fg-image\" decoding=\"async\" loading=\"lazy\"><\/span><span class=\"fg-image-overlay\"><\/span><\/a><\/figure><div class=\"fg-loader\"><\/div><\/div><div class=\"fg-item fg-type-image fg-loading\"><figure class=\"fg-item-inner\"><a href=\"https:\/\/zse-2.krakow.pl\/wp-content\/uploads\/2026\/09\/f6e11400-940c-42ce-a92a-0a1614237b54.jpeg\" data-attachment-id=\"7463\" data-type=\"image\" class=\"fg-thumb\"><span class=\"fg-image-wrap\"><img src=\"https:\/\/zse-2.krakow.pl\/wp-content\/uploads\/cache\/2026\/09\/f6e11400-940c-42ce-a92a-0a1614237b54\/2360834238.jpeg\" height=\"300\" width=\"300\" class=\"skip-lazy fg-image\" decoding=\"async\" loading=\"lazy\"><\/span><span class=\"fg-image-overlay\"><\/span><\/a><\/figure><div class=\"fg-loader\"><\/div><\/div><div class=\"fg-item fg-type-image fg-loading\"><figure class=\"fg-item-inner\"><a href=\"https:\/\/zse-2.krakow.pl\/wp-content\/uploads\/2026\/09\/ff3da6b4-27a1-4cfc-acdb-858701be6e1b.jpeg\" data-attachment-id=\"7462\" data-type=\"image\" class=\"fg-thumb\"><span class=\"fg-image-wrap\"><img src=\"https:\/\/zse-2.krakow.pl\/wp-content\/uploads\/cache\/2026\/09\/ff3da6b4-27a1-4cfc-acdb-858701be6e1b\/4159072278.jpeg\" height=\"300\" width=\"300\" class=\"skip-lazy fg-image\" decoding=\"async\" loading=\"lazy\"><\/span><span class=\"fg-image-overlay\"><\/span><\/a><\/figure><div class=\"fg-loader\"><\/div><\/div><\/div>\n\n","protected":false},"excerpt":{"rendered":"<p>3 wrze\u015bnia 2026 uczniowie klas 2 LOT i 3 LOT\u00a0mieli okazj\u0119 uczestniczy\u0107 w uroczystych obchodach\u00a0\u015awi\u0119ta 6 Batalionu Logistycznego \ud83e\ude96. Wydarzenie rozpocz\u0119\u0142a uroczysta zbi\u00f3rka, podczas kt\u00f3rej wr\u0119czono odznaki, wyr\u00f3\u017cnienia oraz gapy spadochronowe. Po cz\u0119\u015bci oficjalnej na uczestnik\u00f3w czeka\u0142 niezwykle widowiskowy\u00a0pokaz skok\u00f3w spadochronowych\u00a0. Nie zabrak\u0142o r\u00f3wnie\u017c wojskowego pocz\u0119stunku, przygotowanych atrakcji oraz oprawy muzycznej. By\u0142a to dla naszych&hellip; <br \/> <a class=\"read-more\" href=\"https:\/\/zse-2.krakow.pl\/index.php\/2026\/09\/04\/swieto-6-batalionu-logistycznego\/\">Dowiedz si\u0119 wi\u0119cej<\/a><\/p>\n","protected":false},"author":1,"featured_media":7468,"comment_status":"open","ping_status":"open","sticky":false,"template":"","format":"standard","meta":{"footnotes":""},"categories":[10],"tags":[],"class_list":["post-7474","post","type-post","status-publish","format-standard","has-post-thumbnail","hentry","category-wycieczki"],"_links":{"self":[{"href":"https:\/\/zse-2.krakow.pl\/index.php\/wp-json\/wp\/v2\/posts\/7474","targetHints":{"allow":["GET"]}}],"collection":[{"href":"https:\/\/zse-2.krakow.pl\/index.php\/wp-json\/wp\/v2\/posts"}],"about":[{"href":"https:\/\/zse-2.krakow.pl\/index.php\/wp-json\/wp\/v2\/types\/post"}],"author":[{"embeddable":true,"href":"https:\/\/zse-2.krakow.pl\/index.php\/wp-json\/wp\/v2\/users\/1"}],"replies":[{"embeddable":true,"href":"https:\/\/zse-2.krakow.pl\/index.php\/wp-json\/wp\/v2\/comments?post=7474"}],"version-history":[{"count":1,"href":"https:\/\/zse-2.krakow.pl\/index.php\/wp-json\/wp\/v2\/posts\/7474\/revisions"}],"predecessor-version":[{"id":7475,"href":"https:\/\/zse-2.krakow.pl\/index.php\/wp-json\/wp\/v2\/posts\/7474\/revisions\/7475"}],"wp:featuredmedia":[{"embeddable":true,"href":"https:\/\/zse-2.krakow.pl\/index.php\/wp-json\/wp\/v2\/media\/7468"}],"wp:attachment":[{"href":"https:\/\/zse-2.krakow.pl\/index.php\/wp-json\/wp\/v2\/media?parent=7474"}],"wp:term":[{"taxonomy":"category","embeddable":true,"href":"https:\/\/zse-2.krakow.pl\/index.php\/wp-json\/wp\/v2\/categories?post=7474"},{"taxonomy":"post_tag","embeddable":true,"href":"https:\/\/zse-2.krakow.pl\/index.php\/wp-json\/wp\/v2\/tags?post=7474"}],"curies":[{"name":"wp","href":"https:\/\/api.w.org\/{rel}","templated":true}]}}